{"id":945,"date":"2013-04-10T11:11:35","date_gmt":"2013-04-10T10:11:35","guid":{"rendered":"http:\/\/www.pixelenvrac.com\/blog-photo\/?p=945"},"modified":"2026-08-24T15:57:13","modified_gmt":"2026-08-24T13:57:13","slug":"reflet-architecture","status":"publish","type":"post","link":"https:\/\/www.pixelenvrac.com\/blog-photo\/reflet-architecture\/photo-urbaine\/","title":{"rendered":"Miroirs urbains et reflets citadins"},"content":{"rendered":"\n<h2 class=\"wp-block-heading\">Jeux de vitres et de lumi\u00e8res<\/h2>\n\n\n\n<p class=\"wp-block-paragraph\">Un&nbsp;b\u00e2timent&nbsp;moderne aux formes futuristes, recouvert de vitrage qui r\u00e9fl\u00e9chit l'environnement comme des centaines d'\u00e9clats de lumi\u00e8re, de fragments d'espaces et de t\u00e9moignages &nbsp;par <a href=\"https:\/\/www.pixelenvrac.com\/blog-photo\/devenir-est-aubaine\/silence\/\" title=\"\">reflets<\/a> scintillants de la vie alentours.<br>Et quand ce&nbsp;b\u00e2timent&nbsp;est une <a href=\"https:\/\/www.cours-appel.justice.fr\/rennes\/tribunal-judiciaire-de-rennes\" target=\"_blank\" rel=\"noopener\" title=\"\">Cit\u00e9 Judiciaire<\/a>, c'est un double <a href=\"https:\/\/www.pixelenvrac.com\/blog-photo\/aimer-son-reflet\/photo-nature\/\">miroir<\/a> que ses fa\u00e7ades nous offrent ; derri\u00e8re ses vitres&nbsp;\u0153uvrent des femmes et hommes de droit qui g\u00e8rent au quotidien des centaines d'\u00e9clats de vie, de vies en \u00e9clats, de t\u00e9moignages, de conflits, de ruptures et s\u00e9parations, de crimes, de n\u00e9gociations, d'espace de <a href=\"https:\/\/www.pixelenvrac.com\/blog-photo\/alphonse-le-goeland\/photomontage\/\" title=\"\">libert\u00e9<\/a> comme d'absence et de privation.<\/p>\n\n\n<div class=\"wp-block-image\">\n<figure class=\"aligncenter\"><img loading=\"lazy\" decoding=\"async\" width=\"900\" height=\"599\" src=\"https:\/\/www.pixelenvrac.com\/blog-photo\/wp-content\/uploads\/2013\/04\/cite-judiciaire-rennes-2-900.jpg\" alt=\"Reflets sur la Cit\u00e9 Judiciaire de Rennes\" class=\"wp-image-951\"\/><\/figure>\n<\/div>\n\n\n<p class=\"wp-block-paragraph\"><em>La Cit\u00e9 Judiciaire de Rennes a \u00e9t\u00e9 r\u00e9alis\u00e9e en 1982 par le cabinet d'architectes Brajon, Nicolas, Ressaussi\u00e8re.<\/em><\/p>\n\n\n\n<div class=\"signature\">\n\u00a9 Jean-Marin Wibaux\n<\/div>\n","protected":false},"excerpt":{"rendered":"<p>Reflets citadins sur la Cit\u00e9 Judiciaire de Rennes : \u00e9clats de lumi\u00e8re, fragments d&rsquo;espaces et t\u00e9moignages<\/p>\n","protected":false},"author":2,"featured_media":950,"comment_status":"open","ping_status":"open","sticky":false,"template":"","format":"standard","meta":{"footnotes":""},"categories":[21],"tags":[80],"class_list":["post-945","post","type-post","status-publish","format-standard","has-post-thumbnail","hentry","category-photo-urbaine","tag-reflet-reverberation"],"aioseo_notices":[],"aioseo_head":"\n\t\t<!-- All in One SEO 5.0.1.1 - aioseo.com -->\n\t<meta name=\"description\" content=\"Photo noir et blanc des reflets sur les vitres de la Cit\u00e9 Judiciaire de Rennes. Photo urbaine de cette architecture moderne sign\u00e9e Brajon Nicolas Ressaussi\u00e8re\" \/>\n\t<meta name=\"robots\" content=\"max-image-preview:large\" \/>\n\t<meta name=\"author\" content=\"Jean-Marin Wibaux\"\/>\n\t<link rel=\"canonical\" href=\"https:\/\/www.pixelenvrac.com\/blog-photo\/reflet-architecture\/photo-urbaine\/\" \/>\n\t<meta name=\"generator\" content=\"All in One SEO (AIOSEO) 5.0.1.1\" \/>\n\t\t<meta property=\"og:locale\" content=\"fr_FR\" \/>\n\t\t<meta property=\"og:site_name\" content=\"Fr\u00eale esquive : photo et po\u00e9sie : carnet po\u00e9tique, photographie, photomontage\" \/>\n\t\t<meta property=\"og:type\" content=\"article\" \/>\n\t\t<meta property=\"og:title\" content=\"Miroirs urbains et reflets citadins\" \/>\n\t\t<meta property=\"og:description\" content=\"Reflets citadins sur la Cit\u00e9 Judiciaire de Rennes : \u00e9clats de lumi\u00e8re, fragments d&#039;espaces et t\u00e9moignages\" \/>\n\t\t<meta property=\"og:url\" content=\"https:\/\/www.pixelenvrac.com\/blog-photo\/reflet-architecture\/photo-urbaine\/\" \/>\n\t\t<meta property=\"fb:admins\" content=\"106888004324534\" \/>\n\t\t<meta property=\"og:image\" content=\"https:\/\/www.pixelenvrac.com\/blog-photo\/wp-content\/uploads\/2013\/04\/cite-judiciaire-rennes-1-900.jpg\" \/>\n\t\t<meta property=\"og:image:secure_url\" content=\"https:\/\/www.pixelenvrac.com\/blog-photo\/wp-content\/uploads\/2013\/04\/cite-judiciaire-rennes-1-900.jpg\" \/>\n\t\t<meta property=\"og:image:width\" content=\"900\" \/>\n\t\t<meta property=\"og:image:height\" content=\"599\" \/>\n\t\t<meta property=\"article:published_time\" content=\"2013-04-10T10:11:35+00:00\" \/>\n\t\t<meta property=\"article:modified_time\" content=\"2026-08-24T13:57:13+00:00\" \/>\n\t\t<meta name=\"twitter:card\" content=\"summary_large_image\" \/>\n\t\t<meta name=\"twitter:title\" content=\"Miroirs urbains et reflets citadins\" \/>\n\t\t<meta name=\"twitter:description\" content=\"Reflets citadins sur la Cit\u00e9 Judiciaire de Rennes : \u00e9clats de lumi\u00e8re, fragments d&#039;espaces et t\u00e9moignages\" \/>\n\t\t<meta name=\"twitter:image\" content=\"https:\/\/www.pixelenvrac.com\/blog-photo\/wp-content\/uploads\/2013\/04\/cite-judiciaire-rennes-1-900.jpg\" \/>\n\t\t<script type=\"application\/ld+json\" class=\"aioseo-schema\">\n\t\t\t{\"@context\":\"https:\\\/\\\/schema.org\",\"@graph\":[{\"@type\":\"Article\",\"@id\":\"https:\\\/\\\/www.pixelenvrac.com\\\/blog-photo\\\/reflet-architecture\\\/photo-urbaine\\\/#article\",\"name\":\"Cit\\u00e9 Judiciaire de Rennes : photo noir et blanc et reflets\",\"headline\":\"Miroirs urbains et reflets citadins\",\"author\":{\"@id\":\"https:\\\/\\\/www.pixelenvrac.com\\\/blog-photo\\\/author\\\/hazbine\\\/#author\"},\"publisher\":{\"@id\":\"https:\\\/\\\/www.pixelenvrac.com\\\/blog-photo\\\/#person\"},\"image\":{\"@type\":\"ImageObject\",\"url\":\"https:\\\/\\\/www.pixelenvrac.com\\\/blog-photo\\\/wp-content\\\/uploads\\\/2013\\\/04\\\/cite-judiciaire-rennes-1-900.jpg\",\"width\":900,\"height\":599,\"caption\":\"Cit\\u00e9 Judiciaire de Rennes en noir et blanc\"},\"datePublished\":\"2013-04-10T11:11:35+02:00\",\"dateModified\":\"2026-08-24T15:57:13+02:00\",\"inLanguage\":\"fr-FR\",\"mainEntityOfPage\":{\"@id\":\"https:\\\/\\\/www.pixelenvrac.com\\\/blog-photo\\\/reflet-architecture\\\/photo-urbaine\\\/#webpage\"},\"isPartOf\":{\"@id\":\"https:\\\/\\\/www.pixelenvrac.com\\\/blog-photo\\\/reflet-architecture\\\/photo-urbaine\\\/#webpage\"},\"articleSection\":\"Urbain : ambiance citadine, Reflet et miroir\"},{\"@type\":\"BreadcrumbList\",\"@id\":\"https:\\\/\\\/www.pixelenvrac.com\\\/blog-photo\\\/reflet-architecture\\\/photo-urbaine\\\/#breadcrumblist\",\"itemListElement\":[{\"@type\":\"ListItem\",\"@id\":\"https:\\\/\\\/www.pixelenvrac.com\\\/blog-photo#listItem\",\"position\":1,\"name\":\"Accueil\",\"item\":\"https:\\\/\\\/www.pixelenvrac.com\\\/blog-photo\",\"nextItem\":{\"@type\":\"ListItem\",\"@id\":\"https:\\\/\\\/www.pixelenvrac.com\\\/blog-photo\\\/category\\\/photo-urbaine\\\/#listItem\",\"name\":\"Urbain : ambiance citadine\"}},{\"@type\":\"ListItem\",\"@id\":\"https:\\\/\\\/www.pixelenvrac.com\\\/blog-photo\\\/category\\\/photo-urbaine\\\/#listItem\",\"position\":2,\"name\":\"Urbain : ambiance citadine\",\"item\":\"https:\\\/\\\/www.pixelenvrac.com\\\/blog-photo\\\/category\\\/photo-urbaine\\\/\",\"nextItem\":{\"@type\":\"ListItem\",\"@id\":\"https:\\\/\\\/www.pixelenvrac.com\\\/blog-photo\\\/reflet-architecture\\\/photo-urbaine\\\/#listItem\",\"name\":\"Miroirs urbains et reflets citadins\"},\"previousItem\":{\"@type\":\"ListItem\",\"@id\":\"https:\\\/\\\/www.pixelenvrac.com\\\/blog-photo#listItem\",\"name\":\"Accueil\"}},{\"@type\":\"ListItem\",\"@id\":\"https:\\\/\\\/www.pixelenvrac.com\\\/blog-photo\\\/reflet-architecture\\\/photo-urbaine\\\/#listItem\",\"position\":3,\"name\":\"Miroirs urbains et reflets citadins\",\"previousItem\":{\"@type\":\"ListItem\",\"@id\":\"https:\\\/\\\/www.pixelenvrac.com\\\/blog-photo\\\/category\\\/photo-urbaine\\\/#listItem\",\"name\":\"Urbain : ambiance citadine\"}}]},{\"@type\":\"Person\",\"@id\":\"https:\\\/\\\/www.pixelenvrac.com\\\/blog-photo\\\/#person\"},{\"@type\":\"Person\",\"@id\":\"https:\\\/\\\/www.pixelenvrac.com\\\/blog-photo\\\/author\\\/hazbine\\\/#author\",\"url\":\"https:\\\/\\\/www.pixelenvrac.com\\\/blog-photo\\\/author\\\/hazbine\\\/\",\"name\":\"Jean-Marin Wibaux\"},{\"@type\":\"WebPage\",\"@id\":\"https:\\\/\\\/www.pixelenvrac.com\\\/blog-photo\\\/reflet-architecture\\\/photo-urbaine\\\/#webpage\",\"url\":\"https:\\\/\\\/www.pixelenvrac.com\\\/blog-photo\\\/reflet-architecture\\\/photo-urbaine\\\/\",\"name\":\"Cit\\u00e9 Judiciaire de Rennes : photo noir et blanc et reflets\",\"description\":\"Photo noir et blanc des reflets sur les vitres de la Cit\\u00e9 Judiciaire de Rennes. Photo urbaine de cette architecture moderne sign\\u00e9e Brajon Nicolas Ressaussi\\u00e8re\",\"inLanguage\":\"fr-FR\",\"isPartOf\":{\"@id\":\"https:\\\/\\\/www.pixelenvrac.com\\\/blog-photo\\\/#website\"},\"breadcrumb\":{\"@id\":\"https:\\\/\\\/www.pixelenvrac.com\\\/blog-photo\\\/reflet-architecture\\\/photo-urbaine\\\/#breadcrumblist\"},\"author\":{\"@id\":\"https:\\\/\\\/www.pixelenvrac.com\\\/blog-photo\\\/author\\\/hazbine\\\/#author\"},\"creator\":{\"@id\":\"https:\\\/\\\/www.pixelenvrac.com\\\/blog-photo\\\/author\\\/hazbine\\\/#author\"},\"image\":{\"@type\":\"ImageObject\",\"url\":\"https:\\\/\\\/www.pixelenvrac.com\\\/blog-photo\\\/wp-content\\\/uploads\\\/2013\\\/04\\\/cite-judiciaire-rennes-1-900.jpg\",\"@id\":\"https:\\\/\\\/www.pixelenvrac.com\\\/blog-photo\\\/reflet-architecture\\\/photo-urbaine\\\/#mainImage\",\"width\":900,\"height\":599,\"caption\":\"Cit\\u00e9 Judiciaire de Rennes en noir et blanc\"},\"primaryImageOfPage\":{\"@id\":\"https:\\\/\\\/www.pixelenvrac.com\\\/blog-photo\\\/reflet-architecture\\\/photo-urbaine\\\/#mainImage\"},\"datePublished\":\"2013-04-10T11:11:35+02:00\",\"dateModified\":\"2026-08-24T15:57:13+02:00\"},{\"@type\":\"WebSite\",\"@id\":\"https:\\\/\\\/www.pixelenvrac.com\\\/blog-photo\\\/#website\",\"url\":\"https:\\\/\\\/www.pixelenvrac.com\\\/blog-photo\\\/\",\"name\":\"Photographie et po\\u00e9sie : Fr\\u00eale esquive | Blog artistique\",\"alternateName\":\"Fr\\u00eale esquive | Photo | Po\\u00e9sie\",\"description\":\"Balade po\\u00e9tique en photographie\",\"inLanguage\":\"fr-FR\",\"publisher\":{\"@id\":\"https:\\\/\\\/www.pixelenvrac.com\\\/blog-photo\\\/#person\"}}]}\n\t\t<\/script>\n\t\t<!-- All in One SEO -->\n\n","aioseo_head_json":{"title":"Cit\u00e9 Judiciaire de Rennes : photo noir et blanc et reflets","description":"Photo noir et blanc des reflets sur les vitres de la Cit\u00e9 Judiciaire de Rennes. Photo urbaine de cette architecture moderne sign\u00e9e Brajon Nicolas Ressaussi\u00e8re","canonical_url":"https:\/\/www.pixelenvrac.com\/blog-photo\/reflet-architecture\/photo-urbaine\/","robots":"max-image-preview:large","keywords":"","webmasterTools":{"miscellaneous":""},"schema":{"@context":"https:\/\/schema.org","@graph":[{"@type":"Article","@id":"https:\/\/www.pixelenvrac.com\/blog-photo\/reflet-architecture\/photo-urbaine\/#article","name":"Cit\u00e9 Judiciaire de Rennes : photo noir et blanc et reflets","headline":"Miroirs urbains et reflets citadins","author":{"@id":"https:\/\/www.pixelenvrac.com\/blog-photo\/author\/hazbine\/#author"},"publisher":{"@id":"https:\/\/www.pixelenvrac.com\/blog-photo\/#person"},"image":{"@type":"ImageObject","url":"https:\/\/www.pixelenvrac.com\/blog-photo\/wp-content\/uploads\/2013\/04\/cite-judiciaire-rennes-1-900.jpg","width":900,"height":599,"caption":"Cit\u00e9 Judiciaire de Rennes en noir et blanc"},"datePublished":"2013-04-10T11:11:35+02:00","dateModified":"2026-08-24T15:57:13+02:00","inLanguage":"fr-FR","mainEntityOfPage":{"@id":"https:\/\/www.pixelenvrac.com\/blog-photo\/reflet-architecture\/photo-urbaine\/#webpage"},"isPartOf":{"@id":"https:\/\/www.pixelenvrac.com\/blog-photo\/reflet-architecture\/photo-urbaine\/#webpage"},"articleSection":"Urbain : ambiance citadine, Reflet et miroir"},{"@type":"BreadcrumbList","@id":"https:\/\/www.pixelenvrac.com\/blog-photo\/reflet-architecture\/photo-urbaine\/#breadcrumblist","itemListElement":[{"@type":"ListItem","@id":"https:\/\/www.pixelenvrac.com\/blog-photo#listItem","position":1,"name":"Accueil","item":"https:\/\/www.pixelenvrac.com\/blog-photo","nextItem":{"@type":"ListItem","@id":"https:\/\/www.pixelenvrac.com\/blog-photo\/category\/photo-urbaine\/#listItem","name":"Urbain : ambiance citadine"}},{"@type":"ListItem","@id":"https:\/\/www.pixelenvrac.com\/blog-photo\/category\/photo-urbaine\/#listItem","position":2,"name":"Urbain : ambiance citadine","item":"https:\/\/www.pixelenvrac.com\/blog-photo\/category\/photo-urbaine\/","nextItem":{"@type":"ListItem","@id":"https:\/\/www.pixelenvrac.com\/blog-photo\/reflet-architecture\/photo-urbaine\/#listItem","name":"Miroirs urbains et reflets citadins"},"previousItem":{"@type":"ListItem","@id":"https:\/\/www.pixelenvrac.com\/blog-photo#listItem","name":"Accueil"}},{"@type":"ListItem","@id":"https:\/\/www.pixelenvrac.com\/blog-photo\/reflet-architecture\/photo-urbaine\/#listItem","position":3,"name":"Miroirs urbains et reflets citadins","previousItem":{"@type":"ListItem","@id":"https:\/\/www.pixelenvrac.com\/blog-photo\/category\/photo-urbaine\/#listItem","name":"Urbain : ambiance citadine"}}]},{"@type":"Person","@id":"https:\/\/www.pixelenvrac.com\/blog-photo\/#person"},{"@type":"Person","@id":"https:\/\/www.pixelenvrac.com\/blog-photo\/author\/hazbine\/#author","url":"https:\/\/www.pixelenvrac.com\/blog-photo\/author\/hazbine\/","name":"Jean-Marin Wibaux"},{"@type":"WebPage","@id":"https:\/\/www.pixelenvrac.com\/blog-photo\/reflet-architecture\/photo-urbaine\/#webpage","url":"https:\/\/www.pixelenvrac.com\/blog-photo\/reflet-architecture\/photo-urbaine\/","name":"Cit\u00e9 Judiciaire de Rennes : photo noir et blanc et reflets","description":"Photo noir et blanc des reflets sur les vitres de la Cit\u00e9 Judiciaire de Rennes. Photo urbaine de cette architecture moderne sign\u00e9e Brajon Nicolas Ressaussi\u00e8re","inLanguage":"fr-FR","isPartOf":{"@id":"https:\/\/www.pixelenvrac.com\/blog-photo\/#website"},"breadcrumb":{"@id":"https:\/\/www.pixelenvrac.com\/blog-photo\/reflet-architecture\/photo-urbaine\/#breadcrumblist"},"author":{"@id":"https:\/\/www.pixelenvrac.com\/blog-photo\/author\/hazbine\/#author"},"creator":{"@id":"https:\/\/www.pixelenvrac.com\/blog-photo\/author\/hazbine\/#author"},"image":{"@type":"ImageObject","url":"https:\/\/www.pixelenvrac.com\/blog-photo\/wp-content\/uploads\/2013\/04\/cite-judiciaire-rennes-1-900.jpg","@id":"https:\/\/www.pixelenvrac.com\/blog-photo\/reflet-architecture\/photo-urbaine\/#mainImage","width":900,"height":599,"caption":"Cit\u00e9 Judiciaire de Rennes en noir et blanc"},"primaryImageOfPage":{"@id":"https:\/\/www.pixelenvrac.com\/blog-photo\/reflet-architecture\/photo-urbaine\/#mainImage"},"datePublished":"2013-04-10T11:11:35+02:00","dateModified":"2026-08-24T15:57:13+02:00"},{"@type":"WebSite","@id":"https:\/\/www.pixelenvrac.com\/blog-photo\/#website","url":"https:\/\/www.pixelenvrac.com\/blog-photo\/","name":"Photographie et po\u00e9sie : Fr\u00eale esquive | Blog artistique","alternateName":"Fr\u00eale esquive | Photo | Po\u00e9sie","description":"Balade po\u00e9tique en photographie","inLanguage":"fr-FR","publisher":{"@id":"https:\/\/www.pixelenvrac.com\/blog-photo\/#person"}}]},"og:locale":"fr_FR","og:site_name":"Fr\u00eale esquive : photo et po\u00e9sie : carnet po\u00e9tique, photographie, photomontage","og:type":"article","og:title":"Miroirs urbains et reflets citadins","og:description":"Reflets citadins sur la Cit\u00e9 Judiciaire de Rennes : \u00e9clats de lumi\u00e8re, fragments d'espaces et t\u00e9moignages","og:url":"https:\/\/www.pixelenvrac.com\/blog-photo\/reflet-architecture\/photo-urbaine\/","fb:admins":"106888004324534","og:image":"https:\/\/www.pixelenvrac.com\/blog-photo\/wp-content\/uploads\/2013\/04\/cite-judiciaire-rennes-1-900.jpg","og:image:secure_url":"https:\/\/www.pixelenvrac.com\/blog-photo\/wp-content\/uploads\/2013\/04\/cite-judiciaire-rennes-1-900.jpg","og:image:width":"900","og:image:height":"599","article:published_time":"2013-04-10T10:11:35+00:00","article:modified_time":"2026-08-24T13:57:13+00:00","twitter:card":"summary_large_image","twitter:title":"Miroirs urbains et reflets citadins","twitter:description":"Reflets citadins sur la Cit\u00e9 Judiciaire de Rennes : \u00e9clats de lumi\u00e8re, fragments d'espaces et t\u00e9moignages","twitter:image":"https:\/\/www.pixelenvrac.com\/blog-photo\/wp-content\/uploads\/2013\/04\/cite-judiciaire-rennes-1-900.jpg"},"aioseo_meta_data":{"post_id":"945","title":"Cit\u00e9 Judiciaire de Rennes : photo noir et blanc et reflets","description":"Photo noir et blanc des reflets sur les vitres de la Cit\u00e9 Judiciaire de Rennes. Photo urbaine de cette architecture moderne sign\u00e9e Brajon Nicolas Ressaussi\u00e8re","keywords":null,"keyphrases":{"focus":{"keyphrase":"","score":0,"analysis":{"keyphraseInTitle":{"score":0,"maxScore":9,"error":1}}},"additional":[]},"primary_term":null,"canonical_url":null,"og_title":"#post_title","og_description":"#post_excerpt","og_object_type":"article","og_image_type":"featured","og_image_url":"https:\/\/www.pixelenvrac.com\/blog-photo\/wp-content\/uploads\/2013\/04\/cite-judiciaire-rennes-1-900.jpg","og_image_width":"900","og_image_height":"599","og_image_custom_url":null,"og_image_custom_fields":null,"og_video":"","og_custom_url":null,"og_article_section":null,"og_article_tags":null,"twitter_use_og":true,"twitter_card":"default","twitter_image_type":"default","twitter_image_url":null,"twitter_image_custom_url":null,"twitter_image_custom_fields":null,"twitter_title":null,"twitter_description":null,"schema":{"blockGraphs":[],"customGraphs":[],"default":{"data":{"Article":[],"Course":[],"Dataset":[],"FAQPage":[],"Movie":[],"Person":[],"Product":[],"ProductReview":[],"Car":[],"Recipe":[],"Service":[],"SoftwareApplication":[],"WebPage":[]},"graphName":"Article","isEnabled":true},"graphs":[]},"schema_type":"default","schema_type_options":"{\"article\":{\"articleType\":\"BlogPosting\"},\"course\":{\"name\":\"\",\"description\":\"\",\"provider\":\"\"},\"faq\":{\"pages\":[]},\"product\":{\"reviews\":[]},\"recipe\":{\"ingredients\":[],\"instructions\":[],\"keywords\":[]},\"software\":{\"reviews\":[],\"operatingSystems\":[]},\"webPage\":{\"webPageType\":\"WebPage\"}}","pillar_content":false,"robots_default":true,"robots_noindex":false,"robots_noarchive":false,"robots_nosnippet":false,"robots_nofollow":false,"robots_noimageindex":false,"robots_noodp":false,"robots_notranslate":false,"robots_max_snippet":"-1","robots_max_videopreview":"-1","robots_max_imagepreview":"large","priority":null,"frequency":"default","local_seo":null,"breadcrumb_settings":null,"limit_modified_date":false,"ai":{"faqs":[],"keyPoints":[],"schemas":[],"titles":[],"descriptions":[],"socialPosts":{"email":{"subject":"","preview":"","content":""},"linkedin":[],"twitter":[],"facebook":[],"instagram":[]}},"created":"2020-12-23 10:46:46","updated":"2026-08-24 13:57:13","seo_analyzer_scan_date":null,"focus_keyword":null,"additional_keywords":null,"truseo_locale":null},"aioseo_breadcrumb":"<div class=\"aioseo-breadcrumbs\"><span class=\"aioseo-breadcrumb\">\n\t\t\t<a href=\"https:\/\/www.pixelenvrac.com\/blog-photo\" title=\"Accueil\">Accueil<\/a>\n\t\t<\/span><span class=\"aioseo-breadcrumb-separator\">&raquo;<\/span><span class=\"aioseo-breadcrumb\">\n\t\t\t<a href=\"https:\/\/www.pixelenvrac.com\/blog-photo\/category\/photo-urbaine\/\" title=\"Urbain : ambiance citadine\">Urbain : ambiance citadine<\/a>\n\t\t<\/span><span class=\"aioseo-breadcrumb-separator\">&raquo;<\/span><span class=\"aioseo-breadcrumb\">\n\t\t\tMiroirs urbains et reflets citadins\n\t\t<\/span><\/div>","aioseo_breadcrumb_json":[{"label":"Accueil","link":"https:\/\/www.pixelenvrac.com\/blog-photo"},{"label":"Urbain : ambiance citadine","link":"https:\/\/www.pixelenvrac.com\/blog-photo\/category\/photo-urbaine\/"},{"label":"Miroirs urbains et reflets citadins","link":"https:\/\/www.pixelenvrac.com\/blog-photo\/reflet-architecture\/photo-urbaine\/"}],"_links":{"self":[{"href":"https:\/\/www.pixelenvrac.com\/blog-photo\/wp-json\/wp\/v2\/posts\/945","targetHints":{"allow":["GET"]}}],"collection":[{"href":"https:\/\/www.pixelenvrac.com\/blog-photo\/wp-json\/wp\/v2\/posts"}],"about":[{"href":"https:\/\/www.pixelenvrac.com\/blog-photo\/wp-json\/wp\/v2\/types\/post"}],"author":[{"embeddable":true,"href":"https:\/\/www.pixelenvrac.com\/blog-photo\/wp-json\/wp\/v2\/users\/2"}],"replies":[{"embeddable":true,"href":"https:\/\/www.pixelenvrac.com\/blog-photo\/wp-json\/wp\/v2\/comments?post=945"}],"version-history":[{"count":4,"href":"https:\/\/www.pixelenvrac.com\/blog-photo\/wp-json\/wp\/v2\/posts\/945\/revisions"}],"predecessor-version":[{"id":11660,"href":"https:\/\/www.pixelenvrac.com\/blog-photo\/wp-json\/wp\/v2\/posts\/945\/revisions\/11660"}],"wp:featuredmedia":[{"embeddable":true,"href":"https:\/\/www.pixelenvrac.com\/blog-photo\/wp-json\/wp\/v2\/media\/950"}],"wp:attachment":[{"href":"https:\/\/www.pixelenvrac.com\/blog-photo\/wp-json\/wp\/v2\/media?parent=945"}],"wp:term":[{"taxonomy":"category","embeddable":true,"href":"https:\/\/www.pixelenvrac.com\/blog-photo\/wp-json\/wp\/v2\/categories?post=945"},{"taxonomy":"post_tag","embeddable":true,"href":"https:\/\/www.pixelenvrac.com\/blog-photo\/wp-json\/wp\/v2\/tags?post=945"}],"curies":[{"name":"wp","href":"https:\/\/api.w.org\/{rel}","templated":true}]}}