{"id":6406,"date":"2022-02-17T11:11:00","date_gmt":"2022-02-17T10:11:00","guid":{"rendered":"https:\/\/www.pixelenvrac.com\/blog-photo\/?p=6406"},"modified":"2024-12-23T14:56:54","modified_gmt":"2024-12-23T13:56:54","slug":"pont-chemin-de-fer","status":"publish","type":"post","link":"https:\/\/www.pixelenvrac.com\/blog-photo\/pont-chemin-de-fer\/photo-urbaine\/","title":{"rendered":"Sur la voie du chemin de fer"},"content":{"rendered":"\n<p>Mais nous sur notre chemin de fer<br>on s\u2019est mis \u00e0 rouler<br>rouler derri\u00e8re l\u2019<a href=\"https:\/\/www.pixelenvrac.com\/blog-photo\/recueillement\/silence\/\" title=\"hiver\">hiver<\/a><br>et on l\u2019a \u00e9cras\u00e9<br>et la maison s\u2019est arr\u00eat\u00e9e<br>et le <a href=\"https:\/\/pixleen.com\/blog-dessin\/reveuse-au-balcon\/poesie-illustration-absurde\/\" target=\"_blank\" rel=\"noreferrer noopener\" title=\"printemps\">printemps<\/a> nous a salu\u00e9s<\/p>\n\n\n\n<p>C\u2019\u00e9tait lui le garde-barri\u00e8re<br>et il nous a bien remerci\u00e9s<br>et toutes les <a href=\"https:\/\/www.pixelenvrac.com\/blog-photo\/orge-coquelicot\/photo-nature\/\" title=\"fleurs\">fleurs<\/a> de toute la terre<br>soudain se sont mises \u00e0 pousser<br>pousser \u00e0 tort et \u00e0 travers<br>sur la voie du <a href=\"https:\/\/pixleen.com\/blog-dessin\/deesse-transports-voyage\/chapelle-dieu-deesse\/\" target=\"_blank\" rel=\"noopener\" title=\"\">chemin de fer<\/a><br>qui ne voulait plus avancer<br>de peur de les ab\u00eemer<\/p>\n\n\n\n<p><em>Jacques Pr\u00e9vert<\/em><br><em>En sortant de l\u2019\u00e9cole<\/em><\/p>\n","protected":false},"excerpt":{"rendered":"<p>Mais nous sur notre chemin de fer<br \/>\non s\u2019est mis \u00e0 rouler<br \/>\nrouler derri\u00e8re l\u2019hiver &#8230;<\/p>\n","protected":false},"author":2,"featured_media":6407,"comment_status":"closed","ping_status":"closed","sticky":false,"template":"","format":"standard","meta":{"footnotes":""},"categories":[21],"tags":[14],"class_list":["post-6406","post","type-post","status-publish","format-standard","has-post-thumbnail","hentry","category-photo-urbaine","tag-photo-noir-et-blanc"],"aioseo_notices":[],"_links":{"self":[{"href":"https:\/\/www.pixelenvrac.com\/blog-photo\/wp-json\/wp\/v2\/posts\/6406","targetHints":{"allow":["GET"]}}],"collection":[{"href":"https:\/\/www.pixelenvrac.com\/blog-photo\/wp-json\/wp\/v2\/posts"}],"about":[{"href":"https:\/\/www.pixelenvrac.com\/blog-photo\/wp-json\/wp\/v2\/types\/post"}],"author":[{"embeddable":true,"href":"https:\/\/www.pixelenvrac.com\/blog-photo\/wp-json\/wp\/v2\/users\/2"}],"replies":[{"embeddable":true,"href":"https:\/\/www.pixelenvrac.com\/blog-photo\/wp-json\/wp\/v2\/comments?post=6406"}],"version-history":[{"count":2,"href":"https:\/\/www.pixelenvrac.com\/blog-photo\/wp-json\/wp\/v2\/posts\/6406\/revisions"}],"predecessor-version":[{"id":9091,"href":"https:\/\/www.pixelenvrac.com\/blog-photo\/wp-json\/wp\/v2\/posts\/6406\/revisions\/9091"}],"wp:featuredmedia":[{"embeddable":true,"href":"https:\/\/www.pixelenvrac.com\/blog-photo\/wp-json\/wp\/v2\/media\/6407"}],"wp:attachment":[{"href":"https:\/\/www.pixelenvrac.com\/blog-photo\/wp-json\/wp\/v2\/media?parent=6406"}],"wp:term":[{"taxonomy":"category","embeddable":true,"href":"https:\/\/www.pixelenvrac.com\/blog-photo\/wp-json\/wp\/v2\/categories?post=6406"},{"taxonomy":"post_tag","embeddable":true,"href":"https:\/\/www.pixelenvrac.com\/blog-photo\/wp-json\/wp\/v2\/tags?post=6406"}],"curies":[{"name":"wp","href":"https:\/\/api.w.org\/{rel}","templated":true}]}}