{"id":4655,"date":"2021-02-03T11:11:00","date_gmt":"2021-02-03T10:11:00","guid":{"rendered":"http:\/\/www.pixelenvrac.com\/blog-photo\/?p=4655"},"modified":"2026-08-31T10:45:28","modified_gmt":"2026-08-31T08:45:28","slug":"vivement-le-printemps","status":"publish","type":"post","link":"https:\/\/www.pixelenvrac.com\/blog-photo\/vivement-le-printemps\/photo-nature\/","title":{"rendered":"Jamais content"},"content":{"rendered":"\n<h2 class=\"wp-block-heading\"><em>vivement le printemps...<\/em><\/h2>\n\n\n\n<p class=\"sous-video wp-block-paragraph\">dehors l'hiver la pluie et le gris<br>\u2026envie de ti\u00e9deur estivale sur le balcon<br>dehors les rues les trottoirs et l'<a href=\"https:\/\/www.pixelenvrac.com\/blog-photo\/septieme-ciel\/photomontage\/\">asphalte<\/a> sale<br>\u2026envie de sable frais au lever du soleil<br>dehors les vitrines driving et showroom<br>\u2026envie de p\u00eache \u00e0 pied dans la boue<br>dehors le bruit les moteurs et la vitesse<br>\u2026envie de <a href=\"https:\/\/www.pixelenvrac.com\/blog-photo\/lagune-berceuse\/photomontage\/\">lagunes<\/a> et de dunes alanguies<br>dehors les chiffres-cl\u00e9s les strat\u00e9gies les stratag\u00e8mes<br>\u2026envie d'aimer le vain et de r\u00eaver<br>dehors les sondages les opinions et v\u00e9rit\u00e9 premi\u00e8re<br>\u2026envie de ne pas y croire<br>dehors la prospection le <a href=\"https:\/\/pixleen.com\/blog-dessin\/dieu-argent-richesse\/chapelle-dieu-deesse\/\" target=\"_blank\" rel=\"noopener\" title=\"\">gain<\/a> et le progr\u00e8s<br>\u2026envie de m'\u00e9clipser<br>dehors les droits et les devoirs<br>\u2026envie de fleurs printani\u00e8res<\/p>\n\n\n\n<div class=\"signature\">\u00a9 Jean-Marin Wibaux<\/div>\n","protected":false},"excerpt":{"rendered":"<p>Dehors l&rsquo;hiver la pluie et le gris \u2026envie de ti\u00e9deur estivale sur le balcon, dehors les rues les trottoirs et l&rsquo;asphalte sale&#8230;<\/p>\n","protected":false},"author":2,"featured_media":4656,"comment_status":"closed","ping_status":"closed","sticky":false,"template":"","format":"standard","meta":{"footnotes":""},"categories":[24],"tags":[88],"class_list":["post-4655","post","type-post","status-publish","format-standard","has-post-thumbnail","hentry","category-photo-nature","tag-poeme-poesie-prose"],"aioseo_notices":[],"aioseo_head":"\n\t\t<!-- All in One SEO 5.0.1.1 - aioseo.com -->\n\t<meta name=\"description\" content=\"Vivement le printemps : po\u00e8me d&#039;envie de fleurs printani\u00e8res, de quitter l&#039;hiver : photo de fleurs en noir et blanc sur fond noir ; po\u00e9sie et photographie\" \/>\n\t<meta name=\"robots\" content=\"max-image-preview:large\" \/>\n\t<meta name=\"author\" content=\"Jean-Marin Wibaux\"\/>\n\t<link rel=\"canonical\" href=\"https:\/\/www.pixelenvrac.com\/blog-photo\/vivement-le-printemps\/photo-nature\/\" \/>\n\t<meta name=\"generator\" content=\"All in One SEO (AIOSEO) 5.0.1.1\" \/>\n\t\t<meta property=\"og:locale\" content=\"fr_FR\" \/>\n\t\t<meta property=\"og:site_name\" content=\"Fr\u00eale esquive : photo et po\u00e9sie : carnet po\u00e9tique, photographie, photomontage\" \/>\n\t\t<meta property=\"og:type\" content=\"article\" \/>\n\t\t<meta property=\"og:title\" content=\"Vivement les fleurs printani\u00e8res | Jamais content\" \/>\n\t\t<meta property=\"og:description\" content=\"Dehors l&#039;hiver la pluie et le gris \u2026envie de ti\u00e9deur estivale sur le balcon, dehors les rues les trottoirs et l&#039;asphalte sale...\" \/>\n\t\t<meta property=\"og:url\" content=\"https:\/\/www.pixelenvrac.com\/blog-photo\/vivement-le-printemps\/photo-nature\/\" \/>\n\t\t<meta property=\"fb:admins\" content=\"106888004324534\" \/>\n\t\t<meta property=\"og:image\" content=\"https:\/\/www.pixelenvrac.com\/blog-photo\/wp-content\/uploads\/2021\/01\/vivement-le-printemps-3fleurs-1080.jpg\" \/>\n\t\t<meta property=\"og:image:secure_url\" content=\"https:\/\/www.pixelenvrac.com\/blog-photo\/wp-content\/uploads\/2021\/01\/vivement-le-printemps-3fleurs-1080.jpg\" \/>\n\t\t<meta property=\"og:image:width\" content=\"1080\" \/>\n\t\t<meta property=\"og:image:height\" content=\"679\" \/>\n\t\t<meta property=\"article:published_time\" content=\"2021-02-03T10:11:00+00:00\" \/>\n\t\t<meta property=\"article:modified_time\" content=\"2026-08-31T08:45:28+00:00\" \/>\n\t\t<meta name=\"twitter:card\" content=\"summary_large_image\" \/>\n\t\t<meta name=\"twitter:title\" content=\"Vivement les fleurs printani\u00e8res | Jamais content\" \/>\n\t\t<meta name=\"twitter:description\" content=\"Dehors l&#039;hiver la pluie et le gris \u2026envie de ti\u00e9deur estivale sur le balcon, dehors les rues les trottoirs et l&#039;asphalte sale...\" \/>\n\t\t<meta name=\"twitter:image\" content=\"https:\/\/www.pixelenvrac.com\/blog-photo\/wp-content\/uploads\/2021\/01\/vivement-le-printemps-3fleurs-1080.jpg\" \/>\n\t\t<script type=\"application\/ld+json\" class=\"aioseo-schema\">\n\t\t\t{\"@context\":\"https:\\\/\\\/schema.org\",\"@graph\":[{\"@type\":\"Article\",\"@id\":\"https:\\\/\\\/www.pixelenvrac.com\\\/blog-photo\\\/vivement-le-printemps\\\/photo-nature\\\/#article\",\"name\":\"Fleurs de printemps | Photomontage en noir et blanc po\\u00e9sie\",\"headline\":\"Jamais content\",\"author\":{\"@id\":\"https:\\\/\\\/www.pixelenvrac.com\\\/blog-photo\\\/author\\\/hazbine\\\/#author\"},\"publisher\":{\"@id\":\"https:\\\/\\\/www.pixelenvrac.com\\\/blog-photo\\\/#person\"},\"image\":{\"@type\":\"ImageObject\",\"url\":\"https:\\\/\\\/www.pixelenvrac.com\\\/blog-photo\\\/wp-content\\\/uploads\\\/2021\\\/01\\\/vivement-le-printemps-3fleurs-1080.jpg\",\"width\":1080,\"height\":679,\"caption\":\"Vivement le printemps\"},\"datePublished\":\"2021-02-03T11:11:00+01:00\",\"dateModified\":\"2026-08-31T10:45:28+02:00\",\"inLanguage\":\"fr-FR\",\"mainEntityOfPage\":{\"@id\":\"https:\\\/\\\/www.pixelenvrac.com\\\/blog-photo\\\/vivement-le-printemps\\\/photo-nature\\\/#webpage\"},\"isPartOf\":{\"@id\":\"https:\\\/\\\/www.pixelenvrac.com\\\/blog-photo\\\/vivement-le-printemps\\\/photo-nature\\\/#webpage\"},\"articleSection\":\"Nature &amp; espaces libres, Po\\u00e8me en prose\"},{\"@type\":\"BreadcrumbList\",\"@id\":\"https:\\\/\\\/www.pixelenvrac.com\\\/blog-photo\\\/vivement-le-printemps\\\/photo-nature\\\/#breadcrumblist\",\"itemListElement\":[{\"@type\":\"ListItem\",\"@id\":\"https:\\\/\\\/www.pixelenvrac.com\\\/blog-photo#listItem\",\"position\":1,\"name\":\"Accueil\",\"item\":\"https:\\\/\\\/www.pixelenvrac.com\\\/blog-photo\",\"nextItem\":{\"@type\":\"ListItem\",\"@id\":\"https:\\\/\\\/www.pixelenvrac.com\\\/blog-photo\\\/category\\\/photo-nature\\\/#listItem\",\"name\":\"Nature &amp; espaces libres\"}},{\"@type\":\"ListItem\",\"@id\":\"https:\\\/\\\/www.pixelenvrac.com\\\/blog-photo\\\/category\\\/photo-nature\\\/#listItem\",\"position\":2,\"name\":\"Nature &amp; espaces libres\",\"item\":\"https:\\\/\\\/www.pixelenvrac.com\\\/blog-photo\\\/category\\\/photo-nature\\\/\",\"nextItem\":{\"@type\":\"ListItem\",\"@id\":\"https:\\\/\\\/www.pixelenvrac.com\\\/blog-photo\\\/vivement-le-printemps\\\/photo-nature\\\/#listItem\",\"name\":\"Jamais content\"},\"previousItem\":{\"@type\":\"ListItem\",\"@id\":\"https:\\\/\\\/www.pixelenvrac.com\\\/blog-photo#listItem\",\"name\":\"Accueil\"}},{\"@type\":\"ListItem\",\"@id\":\"https:\\\/\\\/www.pixelenvrac.com\\\/blog-photo\\\/vivement-le-printemps\\\/photo-nature\\\/#listItem\",\"position\":3,\"name\":\"Jamais content\",\"previousItem\":{\"@type\":\"ListItem\",\"@id\":\"https:\\\/\\\/www.pixelenvrac.com\\\/blog-photo\\\/category\\\/photo-nature\\\/#listItem\",\"name\":\"Nature &amp; espaces libres\"}}]},{\"@type\":\"Person\",\"@id\":\"https:\\\/\\\/www.pixelenvrac.com\\\/blog-photo\\\/#person\"},{\"@type\":\"Person\",\"@id\":\"https:\\\/\\\/www.pixelenvrac.com\\\/blog-photo\\\/author\\\/hazbine\\\/#author\",\"url\":\"https:\\\/\\\/www.pixelenvrac.com\\\/blog-photo\\\/author\\\/hazbine\\\/\",\"name\":\"Jean-Marin Wibaux\"},{\"@type\":\"WebPage\",\"@id\":\"https:\\\/\\\/www.pixelenvrac.com\\\/blog-photo\\\/vivement-le-printemps\\\/photo-nature\\\/#webpage\",\"url\":\"https:\\\/\\\/www.pixelenvrac.com\\\/blog-photo\\\/vivement-le-printemps\\\/photo-nature\\\/\",\"name\":\"Fleurs de printemps | Photomontage en noir et blanc po\\u00e9sie\",\"description\":\"Vivement le printemps : po\\u00e8me d'envie de fleurs printani\\u00e8res, de quitter l'hiver : photo de fleurs en noir et blanc sur fond noir ; po\\u00e9sie et photographie\",\"inLanguage\":\"fr-FR\",\"isPartOf\":{\"@id\":\"https:\\\/\\\/www.pixelenvrac.com\\\/blog-photo\\\/#website\"},\"breadcrumb\":{\"@id\":\"https:\\\/\\\/www.pixelenvrac.com\\\/blog-photo\\\/vivement-le-printemps\\\/photo-nature\\\/#breadcrumblist\"},\"author\":{\"@id\":\"https:\\\/\\\/www.pixelenvrac.com\\\/blog-photo\\\/author\\\/hazbine\\\/#author\"},\"creator\":{\"@id\":\"https:\\\/\\\/www.pixelenvrac.com\\\/blog-photo\\\/author\\\/hazbine\\\/#author\"},\"image\":{\"@type\":\"ImageObject\",\"url\":\"https:\\\/\\\/www.pixelenvrac.com\\\/blog-photo\\\/wp-content\\\/uploads\\\/2021\\\/01\\\/vivement-le-printemps-3fleurs-1080.jpg\",\"@id\":\"https:\\\/\\\/www.pixelenvrac.com\\\/blog-photo\\\/vivement-le-printemps\\\/photo-nature\\\/#mainImage\",\"width\":1080,\"height\":679,\"caption\":\"Vivement le printemps\"},\"primaryImageOfPage\":{\"@id\":\"https:\\\/\\\/www.pixelenvrac.com\\\/blog-photo\\\/vivement-le-printemps\\\/photo-nature\\\/#mainImage\"},\"datePublished\":\"2021-02-03T11:11:00+01:00\",\"dateModified\":\"2026-08-31T10:45:28+02:00\"},{\"@type\":\"WebSite\",\"@id\":\"https:\\\/\\\/www.pixelenvrac.com\\\/blog-photo\\\/#website\",\"url\":\"https:\\\/\\\/www.pixelenvrac.com\\\/blog-photo\\\/\",\"name\":\"Photographie et po\\u00e9sie : Fr\\u00eale esquive | Blog artistique\",\"alternateName\":\"Fr\\u00eale esquive | Photo | Po\\u00e9sie\",\"description\":\"Balade po\\u00e9tique en photographie\",\"inLanguage\":\"fr-FR\",\"publisher\":{\"@id\":\"https:\\\/\\\/www.pixelenvrac.com\\\/blog-photo\\\/#person\"}}]}\n\t\t<\/script>\n\t\t<!-- All in One SEO -->\n\n","aioseo_head_json":{"title":"Fleurs de printemps | Photomontage en noir et blanc po\u00e9sie","description":"Vivement le printemps : po\u00e8me d'envie de fleurs printani\u00e8res, de quitter l'hiver : photo de fleurs en noir et blanc sur fond noir ; po\u00e9sie et photographie","canonical_url":"https:\/\/www.pixelenvrac.com\/blog-photo\/vivement-le-printemps\/photo-nature\/","robots":"max-image-preview:large","keywords":"","webmasterTools":{"miscellaneous":""},"schema":{"@context":"https:\/\/schema.org","@graph":[{"@type":"Article","@id":"https:\/\/www.pixelenvrac.com\/blog-photo\/vivement-le-printemps\/photo-nature\/#article","name":"Fleurs de printemps | Photomontage en noir et blanc po\u00e9sie","headline":"Jamais content","author":{"@id":"https:\/\/www.pixelenvrac.com\/blog-photo\/author\/hazbine\/#author"},"publisher":{"@id":"https:\/\/www.pixelenvrac.com\/blog-photo\/#person"},"image":{"@type":"ImageObject","url":"https:\/\/www.pixelenvrac.com\/blog-photo\/wp-content\/uploads\/2021\/01\/vivement-le-printemps-3fleurs-1080.jpg","width":1080,"height":679,"caption":"Vivement le printemps"},"datePublished":"2021-02-03T11:11:00+01:00","dateModified":"2026-08-31T10:45:28+02:00","inLanguage":"fr-FR","mainEntityOfPage":{"@id":"https:\/\/www.pixelenvrac.com\/blog-photo\/vivement-le-printemps\/photo-nature\/#webpage"},"isPartOf":{"@id":"https:\/\/www.pixelenvrac.com\/blog-photo\/vivement-le-printemps\/photo-nature\/#webpage"},"articleSection":"Nature &amp; espaces libres, Po\u00e8me en prose"},{"@type":"BreadcrumbList","@id":"https:\/\/www.pixelenvrac.com\/blog-photo\/vivement-le-printemps\/photo-nature\/#breadcrumblist","itemListElement":[{"@type":"ListItem","@id":"https:\/\/www.pixelenvrac.com\/blog-photo#listItem","position":1,"name":"Accueil","item":"https:\/\/www.pixelenvrac.com\/blog-photo","nextItem":{"@type":"ListItem","@id":"https:\/\/www.pixelenvrac.com\/blog-photo\/category\/photo-nature\/#listItem","name":"Nature &amp; espaces libres"}},{"@type":"ListItem","@id":"https:\/\/www.pixelenvrac.com\/blog-photo\/category\/photo-nature\/#listItem","position":2,"name":"Nature &amp; espaces libres","item":"https:\/\/www.pixelenvrac.com\/blog-photo\/category\/photo-nature\/","nextItem":{"@type":"ListItem","@id":"https:\/\/www.pixelenvrac.com\/blog-photo\/vivement-le-printemps\/photo-nature\/#listItem","name":"Jamais content"},"previousItem":{"@type":"ListItem","@id":"https:\/\/www.pixelenvrac.com\/blog-photo#listItem","name":"Accueil"}},{"@type":"ListItem","@id":"https:\/\/www.pixelenvrac.com\/blog-photo\/vivement-le-printemps\/photo-nature\/#listItem","position":3,"name":"Jamais content","previousItem":{"@type":"ListItem","@id":"https:\/\/www.pixelenvrac.com\/blog-photo\/category\/photo-nature\/#listItem","name":"Nature &amp; espaces libres"}}]},{"@type":"Person","@id":"https:\/\/www.pixelenvrac.com\/blog-photo\/#person"},{"@type":"Person","@id":"https:\/\/www.pixelenvrac.com\/blog-photo\/author\/hazbine\/#author","url":"https:\/\/www.pixelenvrac.com\/blog-photo\/author\/hazbine\/","name":"Jean-Marin Wibaux"},{"@type":"WebPage","@id":"https:\/\/www.pixelenvrac.com\/blog-photo\/vivement-le-printemps\/photo-nature\/#webpage","url":"https:\/\/www.pixelenvrac.com\/blog-photo\/vivement-le-printemps\/photo-nature\/","name":"Fleurs de printemps | Photomontage en noir et blanc po\u00e9sie","description":"Vivement le printemps : po\u00e8me d'envie de fleurs printani\u00e8res, de quitter l'hiver : photo de fleurs en noir et blanc sur fond noir ; po\u00e9sie et photographie","inLanguage":"fr-FR","isPartOf":{"@id":"https:\/\/www.pixelenvrac.com\/blog-photo\/#website"},"breadcrumb":{"@id":"https:\/\/www.pixelenvrac.com\/blog-photo\/vivement-le-printemps\/photo-nature\/#breadcrumblist"},"author":{"@id":"https:\/\/www.pixelenvrac.com\/blog-photo\/author\/hazbine\/#author"},"creator":{"@id":"https:\/\/www.pixelenvrac.com\/blog-photo\/author\/hazbine\/#author"},"image":{"@type":"ImageObject","url":"https:\/\/www.pixelenvrac.com\/blog-photo\/wp-content\/uploads\/2021\/01\/vivement-le-printemps-3fleurs-1080.jpg","@id":"https:\/\/www.pixelenvrac.com\/blog-photo\/vivement-le-printemps\/photo-nature\/#mainImage","width":1080,"height":679,"caption":"Vivement le printemps"},"primaryImageOfPage":{"@id":"https:\/\/www.pixelenvrac.com\/blog-photo\/vivement-le-printemps\/photo-nature\/#mainImage"},"datePublished":"2021-02-03T11:11:00+01:00","dateModified":"2026-08-31T10:45:28+02:00"},{"@type":"WebSite","@id":"https:\/\/www.pixelenvrac.com\/blog-photo\/#website","url":"https:\/\/www.pixelenvrac.com\/blog-photo\/","name":"Photographie et po\u00e9sie : Fr\u00eale esquive | Blog artistique","alternateName":"Fr\u00eale esquive | Photo | Po\u00e9sie","description":"Balade po\u00e9tique en photographie","inLanguage":"fr-FR","publisher":{"@id":"https:\/\/www.pixelenvrac.com\/blog-photo\/#person"}}]},"og:locale":"fr_FR","og:site_name":"Fr\u00eale esquive : photo et po\u00e9sie : carnet po\u00e9tique, photographie, photomontage","og:type":"article","og:title":"Vivement les fleurs printani\u00e8res | Jamais content","og:description":"Dehors l'hiver la pluie et le gris \u2026envie de ti\u00e9deur estivale sur le balcon, dehors les rues les trottoirs et l'asphalte sale...","og:url":"https:\/\/www.pixelenvrac.com\/blog-photo\/vivement-le-printemps\/photo-nature\/","fb:admins":"106888004324534","og:image":"https:\/\/www.pixelenvrac.com\/blog-photo\/wp-content\/uploads\/2021\/01\/vivement-le-printemps-3fleurs-1080.jpg","og:image:secure_url":"https:\/\/www.pixelenvrac.com\/blog-photo\/wp-content\/uploads\/2021\/01\/vivement-le-printemps-3fleurs-1080.jpg","og:image:width":"1080","og:image:height":"679","article:published_time":"2021-02-03T10:11:00+00:00","article:modified_time":"2026-08-31T08:45:28+00:00","twitter:card":"summary_large_image","twitter:title":"Vivement les fleurs printani\u00e8res | Jamais content","twitter:description":"Dehors l'hiver la pluie et le gris \u2026envie de ti\u00e9deur estivale sur le balcon, dehors les rues les trottoirs et l'asphalte sale...","twitter:image":"https:\/\/www.pixelenvrac.com\/blog-photo\/wp-content\/uploads\/2021\/01\/vivement-le-printemps-3fleurs-1080.jpg"},"aioseo_meta_data":{"post_id":"4655","title":"Fleurs de printemps | Photomontage en noir et blanc po\u00e9sie","description":"Vivement le printemps : po\u00e8me d'envie de fleurs printani\u00e8res, de quitter l'hiver : photo de fleurs en noir et blanc sur fond noir ; po\u00e9sie et photographie","keywords":null,"keyphrases":{"focus":{"keyphrase":"","score":0,"analysis":{"keyphraseInTitle":{"score":0,"maxScore":9,"error":1}}},"additional":[]},"primary_term":null,"canonical_url":null,"og_title":"Vivement les fleurs printani\u00e8res | #post_title","og_description":"#post_excerpt","og_object_type":"article","og_image_type":"featured","og_image_url":"https:\/\/www.pixelenvrac.com\/blog-photo\/wp-content\/uploads\/2021\/01\/vivement-le-printemps-3fleurs-1080.jpg","og_image_width":"1080","og_image_height":"679","og_image_custom_url":null,"og_image_custom_fields":null,"og_video":"","og_custom_url":null,"og_article_section":null,"og_article_tags":null,"twitter_use_og":true,"twitter_card":"summary_large_image","twitter_image_type":"featured","twitter_image_url":null,"twitter_image_custom_url":null,"twitter_image_custom_fields":null,"twitter_title":"Vivement les fleurs printani\u00e8res","twitter_description":"dehors l'hiver la pluie et le gris \u2026envie de ti\u00e9deur estivale sur le balcon","schema":{"blockGraphs":[],"customGraphs":[],"default":{"data":{"Article":[],"Course":[],"Dataset":[],"FAQPage":[],"Movie":[],"Person":[],"Product":[],"ProductReview":[],"Car":[],"Recipe":[],"Service":[],"SoftwareApplication":[],"WebPage":[]},"graphName":"Article","isEnabled":true},"graphs":[]},"schema_type":"none","schema_type_options":"{\"article\":{\"articleType\":\"BlogPosting\"},\"course\":{\"name\":\"\",\"description\":\"\",\"provider\":\"\"},\"faq\":{\"pages\":[]},\"product\":{\"reviews\":[]},\"recipe\":{\"ingredients\":[],\"instructions\":[],\"keywords\":[]},\"software\":{\"reviews\":[],\"operatingSystems\":[]},\"webPage\":{\"webPageType\":\"WebPage\"},\"book\":[],\"event\":[],\"jobPosting\":[],\"music\":[],\"person\":[],\"restaurant\":[],\"service\":[],\"video\":[]}","pillar_content":false,"robots_default":true,"robots_noindex":false,"robots_noarchive":false,"robots_nosnippet":false,"robots_nofollow":false,"robots_noimageindex":false,"robots_noodp":false,"robots_notranslate":false,"robots_max_snippet":"-1","robots_max_videopreview":"-1","robots_max_imagepreview":"large","priority":null,"frequency":"default","local_seo":null,"breadcrumb_settings":null,"limit_modified_date":false,"ai":{"faqs":[],"keyPoints":[],"schemas":[],"titles":[],"descriptions":[],"socialPosts":{"email":{"subject":"","preview":"","content":""},"linkedin":[],"twitter":[],"facebook":[],"instagram":[]}},"created":"2021-01-21 16:06:34","updated":"2026-08-31 08:45:28","seo_analyzer_scan_date":null,"focus_keyword":null,"additional_keywords":null,"truseo_locale":null},"aioseo_breadcrumb":"<div class=\"aioseo-breadcrumbs\"><span class=\"aioseo-breadcrumb\">\n\t\t\t<a href=\"https:\/\/www.pixelenvrac.com\/blog-photo\" title=\"Accueil\">Accueil<\/a>\n\t\t<\/span><span class=\"aioseo-breadcrumb-separator\">&raquo;<\/span><span class=\"aioseo-breadcrumb\">\n\t\t\t<a href=\"https:\/\/www.pixelenvrac.com\/blog-photo\/category\/photo-nature\/\" title=\"Nature &amp; espaces libres\">Nature &amp; espaces libres<\/a>\n\t\t<\/span><span class=\"aioseo-breadcrumb-separator\">&raquo;<\/span><span class=\"aioseo-breadcrumb\">\n\t\t\tJamais content\n\t\t<\/span><\/div>","aioseo_breadcrumb_json":[{"label":"Accueil","link":"https:\/\/www.pixelenvrac.com\/blog-photo"},{"label":"Nature &amp; espaces libres","link":"https:\/\/www.pixelenvrac.com\/blog-photo\/category\/photo-nature\/"},{"label":"Jamais content","link":"https:\/\/www.pixelenvrac.com\/blog-photo\/vivement-le-printemps\/photo-nature\/"}],"_links":{"self":[{"href":"https:\/\/www.pixelenvrac.com\/blog-photo\/wp-json\/wp\/v2\/posts\/4655","targetHints":{"allow":["GET"]}}],"collection":[{"href":"https:\/\/www.pixelenvrac.com\/blog-photo\/wp-json\/wp\/v2\/posts"}],"about":[{"href":"https:\/\/www.pixelenvrac.com\/blog-photo\/wp-json\/wp\/v2\/types\/post"}],"author":[{"embeddable":true,"href":"https:\/\/www.pixelenvrac.com\/blog-photo\/wp-json\/wp\/v2\/users\/2"}],"replies":[{"embeddable":true,"href":"https:\/\/www.pixelenvrac.com\/blog-photo\/wp-json\/wp\/v2\/comments?post=4655"}],"version-history":[{"count":3,"href":"https:\/\/www.pixelenvrac.com\/blog-photo\/wp-json\/wp\/v2\/posts\/4655\/revisions"}],"predecessor-version":[{"id":12148,"href":"https:\/\/www.pixelenvrac.com\/blog-photo\/wp-json\/wp\/v2\/posts\/4655\/revisions\/12148"}],"wp:featuredmedia":[{"embeddable":true,"href":"https:\/\/www.pixelenvrac.com\/blog-photo\/wp-json\/wp\/v2\/media\/4656"}],"wp:attachment":[{"href":"https:\/\/www.pixelenvrac.com\/blog-photo\/wp-json\/wp\/v2\/media?parent=4655"}],"wp:term":[{"taxonomy":"category","embeddable":true,"href":"https:\/\/www.pixelenvrac.com\/blog-photo\/wp-json\/wp\/v2\/categories?post=4655"},{"taxonomy":"post_tag","embeddable":true,"href":"https:\/\/www.pixelenvrac.com\/blog-photo\/wp-json\/wp\/v2\/tags?post=4655"}],"curies":[{"name":"wp","href":"https:\/\/api.w.org\/{rel}","templated":true}]}}