{"id":3352,"date":"2018-04-11T12:31:38","date_gmt":"2018-04-11T10:31:38","guid":{"rendered":"http:\/\/www.pixelenvrac.com\/blog-photo\/?p=3352"},"modified":"2026-08-31T10:54:01","modified_gmt":"2026-08-31T08:54:01","slug":"higelin-bye-bye","status":"publish","type":"post","link":"https:\/\/www.pixelenvrac.com\/blog-photo\/higelin-bye-bye\/photomontage\/","title":{"rendered":"Comme un vol d&rsquo;hirondelles"},"content":{"rendered":"\n<p class=\"wp-block-paragraph\">attention !<br>y'a des allumettes au fond de tes yeux, des <a href=\"https:\/\/www.pixelenvrac.com\/blog-photo\/vieux-piano\/photo-gros-plan\/\" title=\"\">pianos<\/a> \u00e0 queue dans la bo\u00eete aux lettres, des pots de yaourt dans la vinaigrette et des oubliettes au fond de la cour&nbsp;... comme un vol d'hirondelles \u00e9chapp\u00e9 de la poubelle des cieux<\/p>\n\n\n\n<p class=\"wp-block-paragraph\"><em>Jacques Higelin<\/em><\/p>\n\n\n\n<div class=\"signature\">Photo \u00a9 Jean-Marin Wibaux<\/div>\n","protected":false},"excerpt":{"rendered":"<p>Y&rsquo;a des allumettes au fond de tes yeux, des pianos \u00e0 queue dans la bo\u00eete aux lettres, des pots de yaourt&#8230;<\/p>\n","protected":false},"author":2,"featured_media":3353,"comment_status":"closed","ping_status":"closed","sticky":false,"template":"","format":"standard","meta":{"footnotes":""},"categories":[27],"tags":[91],"class_list":["post-3352","post","type-post","status-publish","format-standard","has-post-thumbnail","hentry","category-photomontage","tag-instant-poetique"],"aioseo_notices":[],"aioseo_head":"\n\t\t<!-- All in One SEO 5.0.1.1 - aioseo.com -->\n\t<meta name=\"description\" content=\"Photomontage en noir et blanc sur base de f\u00eates foraines et de promenade de doyens dans un jardin public, en illustration d&#039;un texte de Jacques Higelin\" \/>\n\t<meta name=\"robots\" content=\"max-image-preview:large\" \/>\n\t<meta name=\"author\" content=\"Jean-Marin Wibaux\"\/>\n\t<link rel=\"canonical\" href=\"https:\/\/www.pixelenvrac.com\/blog-photo\/higelin-bye-bye\/photomontage\/\" \/>\n\t<meta name=\"generator\" content=\"All in One SEO (AIOSEO) 5.0.1.1\" \/>\n\t\t<meta property=\"og:locale\" content=\"fr_FR\" \/>\n\t\t<meta property=\"og:site_name\" content=\"Fr\u00eale esquive : photo et po\u00e9sie : carnet po\u00e9tique, photographie, photomontage\" \/>\n\t\t<meta property=\"og:type\" content=\"article\" \/>\n\t\t<meta property=\"og:title\" content=\"Higelin - Vian - Pr\u00e9vert : balade en po\u00e9sie et f\u00eate foraine\" \/>\n\t\t<meta property=\"og:description\" content=\"Y&#039;a des allumettes au fond de tes yeux, des pianos \u00e0 queue dans la bo\u00eete aux lettres, des pots de yaourt...\" \/>\n\t\t<meta property=\"og:url\" content=\"https:\/\/www.pixelenvrac.com\/blog-photo\/higelin-bye-bye\/photomontage\/\" \/>\n\t\t<meta property=\"fb:admins\" content=\"106888004324534\" \/>\n\t\t<meta property=\"og:image\" content=\"https:\/\/www.pixelenvrac.com\/blog-photo\/wp-content\/uploads\/2018\/04\/balade-et-ballade-au-saxo.jpg\" \/>\n\t\t<meta property=\"og:image:secure_url\" content=\"https:\/\/www.pixelenvrac.com\/blog-photo\/wp-content\/uploads\/2018\/04\/balade-et-ballade-au-saxo.jpg\" \/>\n\t\t<meta property=\"og:image:width\" content=\"1600\" \/>\n\t\t<meta property=\"og:image:height\" content=\"1067\" \/>\n\t\t<meta property=\"article:tag\" content=\"jacques higelin\" \/>\n\t\t<meta property=\"article:tag\" content=\"higelin\" \/>\n\t\t<meta property=\"article:published_time\" content=\"2018-04-11T10:31:38+00:00\" \/>\n\t\t<meta property=\"article:modified_time\" content=\"2026-08-31T08:54:01+00:00\" \/>\n\t\t<meta name=\"twitter:card\" content=\"summary_large_image\" \/>\n\t\t<meta name=\"twitter:title\" content=\"Higelin - Vian - Pr\u00e9vert : balade en po\u00e9sie et f\u00eate foraine\" \/>\n\t\t<meta name=\"twitter:description\" content=\"Y&#039;a des allumettes au fond de tes yeux, des pianos \u00e0 queue dans la bo\u00eete aux lettres, des pots de yaourt...\" \/>\n\t\t<meta name=\"twitter:image\" content=\"https:\/\/www.pixelenvrac.com\/blog-photo\/wp-content\/uploads\/2018\/04\/balade-et-ballade-au-saxo.jpg\" \/>\n\t\t<script type=\"application\/ld+json\" class=\"aioseo-schema\">\n\t\t\t{\"@context\":\"https:\\\/\\\/schema.org\",\"@graph\":[{\"@type\":\"Article\",\"@id\":\"https:\\\/\\\/www.pixelenvrac.com\\\/blog-photo\\\/higelin-bye-bye\\\/photomontage\\\/#article\",\"name\":\"Higelin - Vian - Pr\\u00e9vert : balade en po\\u00e9sie et f\\u00eate foraine\",\"headline\":\"Comme un vol d&rsquo;hirondelles\",\"author\":{\"@id\":\"https:\\\/\\\/www.pixelenvrac.com\\\/blog-photo\\\/author\\\/hazbine\\\/#author\"},\"publisher\":{\"@id\":\"https:\\\/\\\/www.pixelenvrac.com\\\/blog-photo\\\/#person\"},\"image\":{\"@type\":\"ImageObject\",\"url\":\"https:\\\/\\\/www.pixelenvrac.com\\\/blog-photo\\\/wp-content\\\/uploads\\\/2018\\\/04\\\/balade-et-ballade-au-saxo.jpg\",\"width\":1600,\"height\":1067,\"caption\":\"La balade au saxo\"},\"datePublished\":\"2018-04-11T12:31:38+02:00\",\"dateModified\":\"2026-08-31T10:54:01+02:00\",\"inLanguage\":\"fr-FR\",\"mainEntityOfPage\":{\"@id\":\"https:\\\/\\\/www.pixelenvrac.com\\\/blog-photo\\\/higelin-bye-bye\\\/photomontage\\\/#webpage\"},\"isPartOf\":{\"@id\":\"https:\\\/\\\/www.pixelenvrac.com\\\/blog-photo\\\/higelin-bye-bye\\\/photomontage\\\/#webpage\"},\"articleSection\":\"Photomontage, L'espace d'un instant\"},{\"@type\":\"BreadcrumbList\",\"@id\":\"https:\\\/\\\/www.pixelenvrac.com\\\/blog-photo\\\/higelin-bye-bye\\\/photomontage\\\/#breadcrumblist\",\"itemListElement\":[{\"@type\":\"ListItem\",\"@id\":\"https:\\\/\\\/www.pixelenvrac.com\\\/blog-photo#listItem\",\"position\":1,\"name\":\"Accueil\",\"item\":\"https:\\\/\\\/www.pixelenvrac.com\\\/blog-photo\",\"nextItem\":{\"@type\":\"ListItem\",\"@id\":\"https:\\\/\\\/www.pixelenvrac.com\\\/blog-photo\\\/category\\\/photomontage\\\/#listItem\",\"name\":\"Photomontage\"}},{\"@type\":\"ListItem\",\"@id\":\"https:\\\/\\\/www.pixelenvrac.com\\\/blog-photo\\\/category\\\/photomontage\\\/#listItem\",\"position\":2,\"name\":\"Photomontage\",\"item\":\"https:\\\/\\\/www.pixelenvrac.com\\\/blog-photo\\\/category\\\/photomontage\\\/\",\"nextItem\":{\"@type\":\"ListItem\",\"@id\":\"https:\\\/\\\/www.pixelenvrac.com\\\/blog-photo\\\/higelin-bye-bye\\\/photomontage\\\/#listItem\",\"name\":\"Comme un vol d&rsquo;hirondelles\"},\"previousItem\":{\"@type\":\"ListItem\",\"@id\":\"https:\\\/\\\/www.pixelenvrac.com\\\/blog-photo#listItem\",\"name\":\"Accueil\"}},{\"@type\":\"ListItem\",\"@id\":\"https:\\\/\\\/www.pixelenvrac.com\\\/blog-photo\\\/higelin-bye-bye\\\/photomontage\\\/#listItem\",\"position\":3,\"name\":\"Comme un vol d&rsquo;hirondelles\",\"previousItem\":{\"@type\":\"ListItem\",\"@id\":\"https:\\\/\\\/www.pixelenvrac.com\\\/blog-photo\\\/category\\\/photomontage\\\/#listItem\",\"name\":\"Photomontage\"}}]},{\"@type\":\"Person\",\"@id\":\"https:\\\/\\\/www.pixelenvrac.com\\\/blog-photo\\\/#person\"},{\"@type\":\"Person\",\"@id\":\"https:\\\/\\\/www.pixelenvrac.com\\\/blog-photo\\\/author\\\/hazbine\\\/#author\",\"url\":\"https:\\\/\\\/www.pixelenvrac.com\\\/blog-photo\\\/author\\\/hazbine\\\/\",\"name\":\"Jean-Marin Wibaux\"},{\"@type\":\"WebPage\",\"@id\":\"https:\\\/\\\/www.pixelenvrac.com\\\/blog-photo\\\/higelin-bye-bye\\\/photomontage\\\/#webpage\",\"url\":\"https:\\\/\\\/www.pixelenvrac.com\\\/blog-photo\\\/higelin-bye-bye\\\/photomontage\\\/\",\"name\":\"Higelin - Vian - Pr\\u00e9vert : balade en po\\u00e9sie et f\\u00eate foraine\",\"description\":\"Photomontage en noir et blanc sur base de f\\u00eates foraines et de promenade de doyens dans un jardin public, en illustration d'un texte de Jacques Higelin\",\"inLanguage\":\"fr-FR\",\"isPartOf\":{\"@id\":\"https:\\\/\\\/www.pixelenvrac.com\\\/blog-photo\\\/#website\"},\"breadcrumb\":{\"@id\":\"https:\\\/\\\/www.pixelenvrac.com\\\/blog-photo\\\/higelin-bye-bye\\\/photomontage\\\/#breadcrumblist\"},\"author\":{\"@id\":\"https:\\\/\\\/www.pixelenvrac.com\\\/blog-photo\\\/author\\\/hazbine\\\/#author\"},\"creator\":{\"@id\":\"https:\\\/\\\/www.pixelenvrac.com\\\/blog-photo\\\/author\\\/hazbine\\\/#author\"},\"image\":{\"@type\":\"ImageObject\",\"url\":\"https:\\\/\\\/www.pixelenvrac.com\\\/blog-photo\\\/wp-content\\\/uploads\\\/2018\\\/04\\\/balade-et-ballade-au-saxo.jpg\",\"@id\":\"https:\\\/\\\/www.pixelenvrac.com\\\/blog-photo\\\/higelin-bye-bye\\\/photomontage\\\/#mainImage\",\"width\":1600,\"height\":1067,\"caption\":\"La balade au saxo\"},\"primaryImageOfPage\":{\"@id\":\"https:\\\/\\\/www.pixelenvrac.com\\\/blog-photo\\\/higelin-bye-bye\\\/photomontage\\\/#mainImage\"},\"datePublished\":\"2018-04-11T12:31:38+02:00\",\"dateModified\":\"2026-08-31T10:54:01+02:00\"},{\"@type\":\"WebSite\",\"@id\":\"https:\\\/\\\/www.pixelenvrac.com\\\/blog-photo\\\/#website\",\"url\":\"https:\\\/\\\/www.pixelenvrac.com\\\/blog-photo\\\/\",\"name\":\"Photographie et po\\u00e9sie : Fr\\u00eale esquive | Blog artistique\",\"alternateName\":\"Fr\\u00eale esquive | Photo | Po\\u00e9sie\",\"description\":\"Balade po\\u00e9tique en photographie\",\"inLanguage\":\"fr-FR\",\"publisher\":{\"@id\":\"https:\\\/\\\/www.pixelenvrac.com\\\/blog-photo\\\/#person\"}}]}\n\t\t<\/script>\n\t\t<!-- All in One SEO -->\n\n","aioseo_head_json":{"title":"Higelin - Vian - Pr\u00e9vert : balade en po\u00e9sie et f\u00eate foraine","description":"Photomontage en noir et blanc sur base de f\u00eates foraines et de promenade de doyens dans un jardin public, en illustration d'un texte de Jacques Higelin","canonical_url":"https:\/\/www.pixelenvrac.com\/blog-photo\/higelin-bye-bye\/photomontage\/","robots":"max-image-preview:large","keywords":"","webmasterTools":{"miscellaneous":""},"schema":{"@context":"https:\/\/schema.org","@graph":[{"@type":"Article","@id":"https:\/\/www.pixelenvrac.com\/blog-photo\/higelin-bye-bye\/photomontage\/#article","name":"Higelin - Vian - Pr\u00e9vert : balade en po\u00e9sie et f\u00eate foraine","headline":"Comme un vol d&rsquo;hirondelles","author":{"@id":"https:\/\/www.pixelenvrac.com\/blog-photo\/author\/hazbine\/#author"},"publisher":{"@id":"https:\/\/www.pixelenvrac.com\/blog-photo\/#person"},"image":{"@type":"ImageObject","url":"https:\/\/www.pixelenvrac.com\/blog-photo\/wp-content\/uploads\/2018\/04\/balade-et-ballade-au-saxo.jpg","width":1600,"height":1067,"caption":"La balade au saxo"},"datePublished":"2018-04-11T12:31:38+02:00","dateModified":"2026-08-31T10:54:01+02:00","inLanguage":"fr-FR","mainEntityOfPage":{"@id":"https:\/\/www.pixelenvrac.com\/blog-photo\/higelin-bye-bye\/photomontage\/#webpage"},"isPartOf":{"@id":"https:\/\/www.pixelenvrac.com\/blog-photo\/higelin-bye-bye\/photomontage\/#webpage"},"articleSection":"Photomontage, L'espace d'un instant"},{"@type":"BreadcrumbList","@id":"https:\/\/www.pixelenvrac.com\/blog-photo\/higelin-bye-bye\/photomontage\/#breadcrumblist","itemListElement":[{"@type":"ListItem","@id":"https:\/\/www.pixelenvrac.com\/blog-photo#listItem","position":1,"name":"Accueil","item":"https:\/\/www.pixelenvrac.com\/blog-photo","nextItem":{"@type":"ListItem","@id":"https:\/\/www.pixelenvrac.com\/blog-photo\/category\/photomontage\/#listItem","name":"Photomontage"}},{"@type":"ListItem","@id":"https:\/\/www.pixelenvrac.com\/blog-photo\/category\/photomontage\/#listItem","position":2,"name":"Photomontage","item":"https:\/\/www.pixelenvrac.com\/blog-photo\/category\/photomontage\/","nextItem":{"@type":"ListItem","@id":"https:\/\/www.pixelenvrac.com\/blog-photo\/higelin-bye-bye\/photomontage\/#listItem","name":"Comme un vol d&rsquo;hirondelles"},"previousItem":{"@type":"ListItem","@id":"https:\/\/www.pixelenvrac.com\/blog-photo#listItem","name":"Accueil"}},{"@type":"ListItem","@id":"https:\/\/www.pixelenvrac.com\/blog-photo\/higelin-bye-bye\/photomontage\/#listItem","position":3,"name":"Comme un vol d&rsquo;hirondelles","previousItem":{"@type":"ListItem","@id":"https:\/\/www.pixelenvrac.com\/blog-photo\/category\/photomontage\/#listItem","name":"Photomontage"}}]},{"@type":"Person","@id":"https:\/\/www.pixelenvrac.com\/blog-photo\/#person"},{"@type":"Person","@id":"https:\/\/www.pixelenvrac.com\/blog-photo\/author\/hazbine\/#author","url":"https:\/\/www.pixelenvrac.com\/blog-photo\/author\/hazbine\/","name":"Jean-Marin Wibaux"},{"@type":"WebPage","@id":"https:\/\/www.pixelenvrac.com\/blog-photo\/higelin-bye-bye\/photomontage\/#webpage","url":"https:\/\/www.pixelenvrac.com\/blog-photo\/higelin-bye-bye\/photomontage\/","name":"Higelin - Vian - Pr\u00e9vert : balade en po\u00e9sie et f\u00eate foraine","description":"Photomontage en noir et blanc sur base de f\u00eates foraines et de promenade de doyens dans un jardin public, en illustration d'un texte de Jacques Higelin","inLanguage":"fr-FR","isPartOf":{"@id":"https:\/\/www.pixelenvrac.com\/blog-photo\/#website"},"breadcrumb":{"@id":"https:\/\/www.pixelenvrac.com\/blog-photo\/higelin-bye-bye\/photomontage\/#breadcrumblist"},"author":{"@id":"https:\/\/www.pixelenvrac.com\/blog-photo\/author\/hazbine\/#author"},"creator":{"@id":"https:\/\/www.pixelenvrac.com\/blog-photo\/author\/hazbine\/#author"},"image":{"@type":"ImageObject","url":"https:\/\/www.pixelenvrac.com\/blog-photo\/wp-content\/uploads\/2018\/04\/balade-et-ballade-au-saxo.jpg","@id":"https:\/\/www.pixelenvrac.com\/blog-photo\/higelin-bye-bye\/photomontage\/#mainImage","width":1600,"height":1067,"caption":"La balade au saxo"},"primaryImageOfPage":{"@id":"https:\/\/www.pixelenvrac.com\/blog-photo\/higelin-bye-bye\/photomontage\/#mainImage"},"datePublished":"2018-04-11T12:31:38+02:00","dateModified":"2026-08-31T10:54:01+02:00"},{"@type":"WebSite","@id":"https:\/\/www.pixelenvrac.com\/blog-photo\/#website","url":"https:\/\/www.pixelenvrac.com\/blog-photo\/","name":"Photographie et po\u00e9sie : Fr\u00eale esquive | Blog artistique","alternateName":"Fr\u00eale esquive | Photo | Po\u00e9sie","description":"Balade po\u00e9tique en photographie","inLanguage":"fr-FR","publisher":{"@id":"https:\/\/www.pixelenvrac.com\/blog-photo\/#person"}}]},"og:locale":"fr_FR","og:site_name":"Fr\u00eale esquive : photo et po\u00e9sie : carnet po\u00e9tique, photographie, photomontage","og:type":"article","og:title":"Higelin - Vian - Pr\u00e9vert : balade en po\u00e9sie et f\u00eate foraine","og:description":"Y'a des allumettes au fond de tes yeux, des pianos \u00e0 queue dans la bo\u00eete aux lettres, des pots de yaourt...","og:url":"https:\/\/www.pixelenvrac.com\/blog-photo\/higelin-bye-bye\/photomontage\/","fb:admins":"106888004324534","og:image":"https:\/\/www.pixelenvrac.com\/blog-photo\/wp-content\/uploads\/2018\/04\/balade-et-ballade-au-saxo.jpg","og:image:secure_url":"https:\/\/www.pixelenvrac.com\/blog-photo\/wp-content\/uploads\/2018\/04\/balade-et-ballade-au-saxo.jpg","og:image:width":"1600","og:image:height":"1067","article:tag":["jacques higelin","higelin"],"article:published_time":"2018-04-11T10:31:38+00:00","article:modified_time":"2026-08-31T08:54:01+00:00","twitter:card":"summary_large_image","twitter:title":"Higelin - Vian - Pr\u00e9vert : balade en po\u00e9sie et f\u00eate foraine","twitter:description":"Y'a des allumettes au fond de tes yeux, des pianos \u00e0 queue dans la bo\u00eete aux lettres, des pots de yaourt...","twitter:image":"https:\/\/www.pixelenvrac.com\/blog-photo\/wp-content\/uploads\/2018\/04\/balade-et-ballade-au-saxo.jpg"},"aioseo_meta_data":{"post_id":"3352","title":"Higelin - Vian - Pr\u00e9vert : balade en po\u00e9sie et f\u00eate foraine","description":"Photomontage en noir et blanc sur base de f\u00eates foraines et de promenade de doyens dans un jardin public, en illustration d'un texte de Jacques Higelin","keywords":null,"keyphrases":{"focus":{"keyphrase":"","score":0,"analysis":{"keyphraseInTitle":{"score":0,"maxScore":9,"error":1}}},"additional":[]},"primary_term":null,"canonical_url":null,"og_title":null,"og_description":"#post_excerpt","og_object_type":"article","og_image_type":"featured","og_image_url":"https:\/\/www.pixelenvrac.com\/blog-photo\/wp-content\/uploads\/2018\/04\/balade-et-ballade-au-saxo.jpg","og_image_width":"1600","og_image_height":"1067","og_image_custom_url":null,"og_image_custom_fields":null,"og_video":"","og_custom_url":null,"og_article_section":null,"og_article_tags":[{"label":"Jacques Higelin","value":"Jacques Higelin"},{"label":"Higelin","value":"Higelin"}],"twitter_use_og":true,"twitter_card":"default","twitter_image_type":"default","twitter_image_url":null,"twitter_image_custom_url":null,"twitter_image_custom_fields":null,"twitter_title":null,"twitter_description":null,"schema":{"blockGraphs":[],"customGraphs":[],"default":{"data":{"Article":[],"Course":[],"Dataset":[],"FAQPage":[],"Movie":[],"Person":[],"Product":[],"ProductReview":[],"Car":[],"Recipe":[],"Service":[],"SoftwareApplication":[],"WebPage":[]},"graphName":"Article","isEnabled":true},"graphs":[]},"schema_type":"default","schema_type_options":"{\"article\":{\"articleType\":\"BlogPosting\"},\"course\":{\"name\":\"\",\"description\":\"\",\"provider\":\"\"},\"faq\":{\"pages\":[]},\"product\":{\"reviews\":[]},\"recipe\":{\"ingredients\":[],\"instructions\":[],\"keywords\":[]},\"software\":{\"reviews\":[],\"operatingSystems\":[]},\"webPage\":{\"webPageType\":\"WebPage\"}}","pillar_content":false,"robots_default":true,"robots_noindex":false,"robots_noarchive":false,"robots_nosnippet":false,"robots_nofollow":false,"robots_noimageindex":false,"robots_noodp":false,"robots_notranslate":false,"robots_max_snippet":"-1","robots_max_videopreview":"-1","robots_max_imagepreview":"large","priority":null,"frequency":"default","local_seo":null,"breadcrumb_settings":null,"limit_modified_date":false,"ai":{"faqs":[],"keyPoints":[],"schemas":[],"titles":[],"descriptions":[],"socialPosts":{"email":{"subject":"","preview":"","content":""},"linkedin":[],"twitter":[],"facebook":[],"instagram":[]}},"created":"2020-12-23 10:54:20","updated":"2026-08-31 08:54:01","seo_analyzer_scan_date":null,"focus_keyword":null,"additional_keywords":null,"truseo_locale":null},"aioseo_breadcrumb":"<div class=\"aioseo-breadcrumbs\"><span class=\"aioseo-breadcrumb\">\n\t\t\t<a href=\"https:\/\/www.pixelenvrac.com\/blog-photo\" title=\"Accueil\">Accueil<\/a>\n\t\t<\/span><span class=\"aioseo-breadcrumb-separator\">&raquo;<\/span><span class=\"aioseo-breadcrumb\">\n\t\t\t<a href=\"https:\/\/www.pixelenvrac.com\/blog-photo\/category\/photomontage\/\" title=\"Photomontage\">Photomontage<\/a>\n\t\t<\/span><span class=\"aioseo-breadcrumb-separator\">&raquo;<\/span><span class=\"aioseo-breadcrumb\">\n\t\t\tComme un vol d\u2019hirondelles\n\t\t<\/span><\/div>","aioseo_breadcrumb_json":[{"label":"Accueil","link":"https:\/\/www.pixelenvrac.com\/blog-photo"},{"label":"Photomontage","link":"https:\/\/www.pixelenvrac.com\/blog-photo\/category\/photomontage\/"},{"label":"Comme un vol d&rsquo;hirondelles","link":"https:\/\/www.pixelenvrac.com\/blog-photo\/higelin-bye-bye\/photomontage\/"}],"_links":{"self":[{"href":"https:\/\/www.pixelenvrac.com\/blog-photo\/wp-json\/wp\/v2\/posts\/3352","targetHints":{"allow":["GET"]}}],"collection":[{"href":"https:\/\/www.pixelenvrac.com\/blog-photo\/wp-json\/wp\/v2\/posts"}],"about":[{"href":"https:\/\/www.pixelenvrac.com\/blog-photo\/wp-json\/wp\/v2\/types\/post"}],"author":[{"embeddable":true,"href":"https:\/\/www.pixelenvrac.com\/blog-photo\/wp-json\/wp\/v2\/users\/2"}],"replies":[{"embeddable":true,"href":"https:\/\/www.pixelenvrac.com\/blog-photo\/wp-json\/wp\/v2\/comments?post=3352"}],"version-history":[{"count":3,"href":"https:\/\/www.pixelenvrac.com\/blog-photo\/wp-json\/wp\/v2\/posts\/3352\/revisions"}],"predecessor-version":[{"id":11939,"href":"https:\/\/www.pixelenvrac.com\/blog-photo\/wp-json\/wp\/v2\/posts\/3352\/revisions\/11939"}],"wp:featuredmedia":[{"embeddable":true,"href":"https:\/\/www.pixelenvrac.com\/blog-photo\/wp-json\/wp\/v2\/media\/3353"}],"wp:attachment":[{"href":"https:\/\/www.pixelenvrac.com\/blog-photo\/wp-json\/wp\/v2\/media?parent=3352"}],"wp:term":[{"taxonomy":"category","embeddable":true,"href":"https:\/\/www.pixelenvrac.com\/blog-photo\/wp-json\/wp\/v2\/categories?post=3352"},{"taxonomy":"post_tag","embeddable":true,"href":"https:\/\/www.pixelenvrac.com\/blog-photo\/wp-json\/wp\/v2\/tags?post=3352"}],"curies":[{"name":"wp","href":"https:\/\/api.w.org\/{rel}","templated":true}]}}