{"id":1676,"date":"2014-08-06T10:10:28","date_gmt":"2014-08-06T09:10:28","guid":{"rendered":"http:\/\/www.pixelenvrac.com\/blog-photo\/?p=1676"},"modified":"2026-03-11T12:37:32","modified_gmt":"2026-03-11T11:37:32","slug":"visage-bois-3","status":"publish","type":"post","link":"https:\/\/www.pixelenvrac.com\/blog-photo\/visage-bois-3\/brise-lames-st-malo\/","title":{"rendered":"Le Parolier des mers"},"content":{"rendered":"\n<p>R\u00eaveur contemplatif, avec l'\u00e2ge, il se r\u00e9v\u00e9la surtout \u00eatre un conteur exceptionnel.<\/p>\n\n\n\n<p>D'abord marin d'eau douce sur un chaland du canal de Nantes \u00e0 Brest, il profitait des escales comme des \u00e9cluses pour embarquer ses cong\u00e9n\u00e8res dans de courtes histoires loufoques. Par l'habilit\u00e9 de ses mots et la sinuosit\u00e9 de ses r\u00e9cits, il savait, en quelques <a href=\"https:\/\/www.pixelenvrac.com\/blog-photo\/quelques-secondes-de-reflexion\/photo-portrait\/\" title=\"\">secondes<\/a>, envo\u00fbter son auditoire. Plus tard, marin de mer sur un chalutier du Cotentin, il poursuivit ses comptines de port en port.<\/p>\n\n\n\n<p>Ainsi, sa r\u00e9putation de po\u00e8te narrateur fut reconnue du <a href=\"https:\/\/www.pixelenvrac.com\/blog-photo\/clown-nez-casse\/photomontage\/\" title=\"\">Nez<\/a> de Jobourg \u00e0 la pointe du Finist\u00e8re, o\u00f9 il fut surnomm\u00e9 le <em>Parolier des mers<\/em>.<\/p>\n\n\n\n<p>Mais ses mots aussi prirent l'eau quand son bateau se brisa sur les rochers de l'<a href=\"https:\/\/www.pixelenvrac.com\/blog-photo\/recueil-anse-du-silence\/silence\/\" title=\"\">Anse<\/a> du Verger. La mer garda son corps comme ses derniers propos.<\/p>\n\n\n\n<p><em>Toutefois, les anciens disent que son \u00e2me trouva refuge dans les <a href=\"https:\/\/www.pixelenvrac.com\/blog-photo\/category\/brise-lames-st-malo\/\"><strong>brise-lames de Saint-Malo<\/strong><\/a>.<\/em><\/p>\n\n\n\n<div class=\"signature\">\u00a9 Jean-Marin Wibaux<\/div>\n\n\n\n<figure class=\"wp-block-image\"><a href=\"https:\/\/www.pixelenvrac.com\/blog-photo\/category\/brise-lames-st-malo\/\" target=\"_blank\" rel=\"noreferrer noopener\"><img loading=\"lazy\" decoding=\"async\" width=\"160\" height=\"160\" src=\"https:\/\/www.pixelenvrac.com\/blog-photo\/wp-content\/uploads\/2019\/01\/brise-lames-160x160.jpg\" alt=\"couverture de brise-l\u00e2mes : recueil de contes, photo et po\u00e9sie de marin wibaux\" class=\"wp-image-3718\"\/><\/a><\/figure>\n","protected":false},"excerpt":{"rendered":"<p>Par l&rsquo;habilit\u00e9 de ses mots et la sinuosit\u00e9 de ses r\u00e9cits, il savait, en quelques secondes, envo\u00fbter son auditoire.<\/p>\n","protected":false},"author":2,"featured_media":1677,"comment_status":"open","ping_status":"open","sticky":false,"template":"","format":"standard","meta":{"footnotes":""},"categories":[39],"tags":[14],"class_list":["post-1676","post","type-post","status-publish","format-standard","has-post-thumbnail","hentry","category-brise-lames-st-malo","tag-photo-noir-et-blanc"],"aioseo_notices":[],"_links":{"self":[{"href":"https:\/\/www.pixelenvrac.com\/blog-photo\/wp-json\/wp\/v2\/posts\/1676","targetHints":{"allow":["GET"]}}],"collection":[{"href":"https:\/\/www.pixelenvrac.com\/blog-photo\/wp-json\/wp\/v2\/posts"}],"about":[{"href":"https:\/\/www.pixelenvrac.com\/blog-photo\/wp-json\/wp\/v2\/types\/post"}],"author":[{"embeddable":true,"href":"https:\/\/www.pixelenvrac.com\/blog-photo\/wp-json\/wp\/v2\/users\/2"}],"replies":[{"embeddable":true,"href":"https:\/\/www.pixelenvrac.com\/blog-photo\/wp-json\/wp\/v2\/comments?post=1676"}],"version-history":[{"count":4,"href":"https:\/\/www.pixelenvrac.com\/blog-photo\/wp-json\/wp\/v2\/posts\/1676\/revisions"}],"predecessor-version":[{"id":10527,"href":"https:\/\/www.pixelenvrac.com\/blog-photo\/wp-json\/wp\/v2\/posts\/1676\/revisions\/10527"}],"wp:featuredmedia":[{"embeddable":true,"href":"https:\/\/www.pixelenvrac.com\/blog-photo\/wp-json\/wp\/v2\/media\/1677"}],"wp:attachment":[{"href":"https:\/\/www.pixelenvrac.com\/blog-photo\/wp-json\/wp\/v2\/media?parent=1676"}],"wp:term":[{"taxonomy":"category","embeddable":true,"href":"https:\/\/www.pixelenvrac.com\/blog-photo\/wp-json\/wp\/v2\/categories?post=1676"},{"taxonomy":"post_tag","embeddable":true,"href":"https:\/\/www.pixelenvrac.com\/blog-photo\/wp-json\/wp\/v2\/tags?post=1676"}],"curies":[{"name":"wp","href":"https:\/\/api.w.org\/{rel}","templated":true}]}}