{"id":10947,"date":"2026-03-08T11:11:00","date_gmt":"2026-03-08T10:11:00","guid":{"rendered":"https:\/\/www.pixelenvrac.com\/blog-photo\/?p=10947"},"modified":"2026-04-02T09:23:32","modified_gmt":"2026-04-02T07:23:32","slug":"haiku-de-bretagne","status":"publish","type":"post","link":"https:\/\/www.pixelenvrac.com\/blog-photo\/haiku-de-bretagne\/photo-bord-de-mer\/","title":{"rendered":"Petite po\u00e9sie de Bretagne"},"content":{"rendered":"\n<h2 class=\"wp-block-heading\"><em>Ha\u00efkus salins<\/em><\/h2>\n\n\n\n<figure class=\"wp-block-video\"><video controls src=\"https:\/\/pixleen.com\/video-poesie\/haiku-salin-1080x1350.mp4\"><\/video><\/figure>\n\n\n\n<p class=\"sous-video\">sous le tapis d'<a href=\"https:\/\/www.pixelenvrac.com\/blog-photo\/algues-eau-de-mer\/photo-nature\/\" title=\"\">algues<\/a><br>une galaxie iod\u00e9e<br>d'\u00e9toiles filantes<br><br><a href=\"https:\/\/www.pixelenvrac.com\/blog-photo\/lagune-berceuse\/photomontage\/\" title=\"\">berceuse<\/a> oc\u00e9ane<br>la roche et l'eau se conjuguent<br>en remous intimes<br><br>d\u00e9fier le soleil<br>pour renaitre \u00e0 la mont\u00e9e<br>des eaux amniotiques <br><br>par la confluence<br>de courants d'air et de mer<br>germe l'oc\u00e9an<br><br>les <a href=\"https:\/\/www.pixelenvrac.com\/blog-photo\/fleur-de-dune\/photo-bord-de-mer\/\" title=\"\">fleurs<\/a> de l'\u00e9tale<br>dans la mare des rochers<br>embaument le sel<br><br>de flux en reflux<br>la caresse des <a href=\"https:\/\/www.pixelenvrac.com\/blog-photo\/vives-eaux\/photo-bord-de-mer\/\">mar\u00e9es<\/a><br>essaime le temps<br><\/p>\n\n\n\n<div class=\"signature\">\n\u00a9 Jean-Marin Wibaux<br>\n<em><a href=\"https:\/\/www.instagram.com\/cupidonsenfout\/\" title=\"Compte Instagram de Fr\u00eale esquive c\u00f4t\u00e9 couleur\">@Cupidonsenfout (insta)<\/a><\/em>\n<\/div>\n","protected":false},"excerpt":{"rendered":"<p>Berceuse oc\u00e9ane, la roche et l&rsquo;eau se conjuguent en remous intimes ; sous le tapis d&rsquo;algues une galaxie iod\u00e9e d&rsquo;\u00e9toiles de mer<\/p>\n","protected":false},"author":2,"featured_media":10948,"comment_status":"closed","ping_status":"closed","sticky":false,"template":"","format":"standard","meta":{"footnotes":""},"categories":[6],"tags":[15,66],"class_list":["post-10947","post","type-post","status-publish","format-standard","has-post-thumbnail","hentry","category-photo-bord-de-mer","tag-photo-couleur","tag-video"],"aioseo_notices":[],"_links":{"self":[{"href":"https:\/\/www.pixelenvrac.com\/blog-photo\/wp-json\/wp\/v2\/posts\/10947","targetHints":{"allow":["GET"]}}],"collection":[{"href":"https:\/\/www.pixelenvrac.com\/blog-photo\/wp-json\/wp\/v2\/posts"}],"about":[{"href":"https:\/\/www.pixelenvrac.com\/blog-photo\/wp-json\/wp\/v2\/types\/post"}],"author":[{"embeddable":true,"href":"https:\/\/www.pixelenvrac.com\/blog-photo\/wp-json\/wp\/v2\/users\/2"}],"replies":[{"embeddable":true,"href":"https:\/\/www.pixelenvrac.com\/blog-photo\/wp-json\/wp\/v2\/comments?post=10947"}],"version-history":[{"count":8,"href":"https:\/\/www.pixelenvrac.com\/blog-photo\/wp-json\/wp\/v2\/posts\/10947\/revisions"}],"predecessor-version":[{"id":11005,"href":"https:\/\/www.pixelenvrac.com\/blog-photo\/wp-json\/wp\/v2\/posts\/10947\/revisions\/11005"}],"wp:featuredmedia":[{"embeddable":true,"href":"https:\/\/www.pixelenvrac.com\/blog-photo\/wp-json\/wp\/v2\/media\/10948"}],"wp:attachment":[{"href":"https:\/\/www.pixelenvrac.com\/blog-photo\/wp-json\/wp\/v2\/media?parent=10947"}],"wp:term":[{"taxonomy":"category","embeddable":true,"href":"https:\/\/www.pixelenvrac.com\/blog-photo\/wp-json\/wp\/v2\/categories?post=10947"},{"taxonomy":"post_tag","embeddable":true,"href":"https:\/\/www.pixelenvrac.com\/blog-photo\/wp-json\/wp\/v2\/tags?post=10947"}],"curies":[{"name":"wp","href":"https:\/\/api.w.org\/{rel}","templated":true}]}}